{"id":5194,"date":"2021-11-05T10:30:00","date_gmt":"2021-11-05T10:30:00","guid":{"rendered":"https:\/\/goldenclubcabanas.com\/?p=5194"},"modified":"2026-02-25T16:04:52","modified_gmt":"2026-02-25T16:04:52","slug":"ferias-ativas-passeios-pela-ecovia-do-litoral","status":"publish","type":"post","link":"https:\/\/goldenclubcabanas.com\/pt-pt\/blog\/ferias-ativas-passeios-pela-ecovia-do-litoral\/","title":{"rendered":"F\u00e9rias ativas: Passeios pela Ecovia do Litoral"},"content":{"rendered":"\n<figure class=\"wp-block-image size-full\"><img loading=\"lazy\" decoding=\"async\" width=\"768\" height=\"614\" src=\"https:\/\/goldenclubcabanas.com\/wp-content\/uploads\/2021\/11\/ecovia-3.jpg\" alt=\"\" class=\"wp-image-6287\" srcset=\"https:\/\/goldenclubcabanas.com\/wp-content\/uploads\/2021\/11\/ecovia-3.jpg 768w, https:\/\/goldenclubcabanas.com\/wp-content\/uploads\/2021\/11\/ecovia-3-300x240.jpg 300w\" sizes=\"auto, (max-width: 768px) 100vw, 768px\" \/><figcaption class=\"wp-element-caption\">Ecovia do Litoral \u2013 Percurso de Tavira<\/figcaption><\/figure>\n\n\n\n<p><strong>Durante as f\u00e9rias no Algarve, todos os h\u00f3spedes podem passear ao longo da Ecovia do Litoral em Tavira que passa junto ao&nbsp;<a href=\"https:\/\/goldenclubcabanas.com\/pt-pt\/\">Golden Club Cabanas<\/a>.<\/strong><\/p>\n\n\n\n<p>Al\u00e9m das atividades que se encontram dispon\u00edveis no resort em Tavira, os nossos h\u00f3spedes podem ainda realizar caminhadas ou&nbsp;<em>cycling&nbsp;<\/em>no Algarve em fam\u00edlia para umas f\u00e9rias ativas.<\/p>\n\n\n\n<p>O\u00a0<a href=\"https:\/\/www.visitalgarve.pt\/pt\/3493\/ecovia-do-litoral---eurovelo-1.aspx\">percurso<\/a>\u00a0da Ecovia do Litoral em Tavira tem uma extens\u00e3o total de 23.900 metros e desenvolve-se ao longo do Parque Natural da Ria Formosa, mais especificamente no canal de Tavira, e integra a Rota da Costa Atl\u00e2ntica \u2013\u00a0<a href=\"https:\/\/euroveloportugal.com\/pt\/route\/eurovelo-1\/seccao-1\" target=\"_blank\" rel=\"noreferrer noopener\">EuroVelo 1<\/a>, a rede europeia de ciclovias.<\/p>\n\n\n\n<figure class=\"wp-block-image size-full\"><img loading=\"lazy\" decoding=\"async\" width=\"768\" height=\"614\" src=\"https:\/\/goldenclubcabanas.com\/wp-content\/uploads\/2021\/11\/ecovia-1.webp\" alt=\"\" class=\"wp-image-6270\" srcset=\"https:\/\/goldenclubcabanas.com\/wp-content\/uploads\/2021\/11\/ecovia-1.webp 768w, https:\/\/goldenclubcabanas.com\/wp-content\/uploads\/2021\/11\/ecovia-1-300x240.webp 300w\" sizes=\"auto, (max-width: 768px) 100vw, 768px\" \/><figcaption class=\"wp-element-caption\">Vista da serra durante passeio de bicicleta em Tavira<\/figcaption><\/figure>\n\n\n\n<p>Ao longo do percurso, poder\u00e1 vislumbrar as mais belas paisagens do Algarve e algumas das praias mais bonitas do mundo.<\/p>\n\n\n\n<p>Os h\u00f3spedes do Golden Club Cabanas, cuja ampla oferta vai desde f\u00e9rias s\u00f3 com alojamento ao regime de tudo inclu\u00eddo, t\u00eam a oportunidade de caminhar sobre a ponte pedonal da Ribeira dos Mosqueiros, observar as salinas, visitar a cidade de Tavira nas margens do Rio Gil\u00e3o, atravessar a ponte pedonal sobre a Ribeira do Almargem, conhecer a Vila de Cabanas de Tavira e o Forte de S\u00e3o Jo\u00e3o da Barra, al\u00e9m de poderem percorrer por antigos caminhos municipais, entre laranjais e campos de golfe at\u00e9 \u00e0 Cacela Velha.<\/p>\n\n\n\n<figure class=\"wp-block-image size-full\"><img loading=\"lazy\" decoding=\"async\" width=\"768\" height=\"614\" src=\"https:\/\/goldenclubcabanas.com\/wp-content\/uploads\/2021\/11\/ecovia-barril.webp\" alt=\"\" class=\"wp-image-6278\" srcset=\"https:\/\/goldenclubcabanas.com\/wp-content\/uploads\/2021\/11\/ecovia-barril.webp 768w, https:\/\/goldenclubcabanas.com\/wp-content\/uploads\/2021\/11\/ecovia-barril-300x240.webp 300w\" sizes=\"auto, (max-width: 768px) 100vw, 768px\" \/><figcaption class=\"wp-element-caption\">Cemit\u00e9rio de \u00e2ncoras na Praia do Barril no Parque Natural da Ria Formosa<\/figcaption><\/figure>\n\n\n\n<p>Destacamos tamb\u00e9m o\u00a0<a href=\"https:\/\/www.visitalgarve.pt\/pt\/3592\/trilho-da-praia-do-barril.aspx\" target=\"_blank\" rel=\"noreferrer noopener\">Trilho da Praia do Barril<\/a>\u00a0que atravessa a Ria Formosa pela ponte levadi\u00e7a e percorre os sapais onde encontra caranguejos e aves migrat\u00f3rias. Seguindo o percurso, continua para uma extensa duna at\u00e9 \u00e0 praia, onde pode encontrar edif\u00edcios que outrora deram apoio \u00e0 pesca do atum e ainda o t\u00e3o afamado cemit\u00e9rio de \u00e2ncoras. Pode ainda percorrer os 11 km de extens\u00e3o do areal pela praia, junto ao mar, at\u00e9 \u00e0 Ilha de Tavira.<\/p>\n\n\n\n<figure class=\"wp-block-image size-full\"><img loading=\"lazy\" decoding=\"async\" width=\"768\" height=\"614\" src=\"https:\/\/goldenclubcabanas.com\/wp-content\/uploads\/2021\/11\/ecovia-barril-1.webp\" alt=\"\" class=\"wp-image-6274\" srcset=\"https:\/\/goldenclubcabanas.com\/wp-content\/uploads\/2021\/11\/ecovia-barril-1.webp 768w, https:\/\/goldenclubcabanas.com\/wp-content\/uploads\/2021\/11\/ecovia-barril-1-300x240.webp 300w\" sizes=\"auto, (max-width: 768px) 100vw, 768px\" \/><figcaption class=\"wp-element-caption\">Trilho pelas dunas at\u00e9 \u00e0 Praia do Barril no Parque Natural da Ria Formosa<\/figcaption><\/figure>\n\n\n\n<p>Existe tamb\u00e9m a possibilidade de alugar bicicletas junto da rece\u00e7\u00e3o do Golden Club Cabanas, para que possa desfrutar novas experi\u00eancias e aproveitar as suas f\u00e9rias no Algarve.<\/p>\n","protected":false},"excerpt":{"rendered":"<p>Durante as f\u00e9rias no Algarve, todos os h\u00f3spedes podem passear ao longo da Ecovia do Litoral em Tavira que passa junto ao&nbsp;Golden Club Cabanas. Al\u00e9m das atividades que se encontram dispon\u00edveis no resort em Tavira, os nossos h\u00f3spedes podem ainda realizar caminhadas ou&nbsp;cycling&nbsp;no Algarve em fam\u00edlia para umas f\u00e9rias ativas. O\u00a0percurso\u00a0da Ecovia do Litoral em &#8230; <a title=\"F\u00e9rias ativas: Passeios pela Ecovia do Litoral\" class=\"read-more\" href=\"https:\/\/goldenclubcabanas.com\/pt-pt\/blog\/ferias-ativas-passeios-pela-ecovia-do-litoral\/\" aria-label=\"Leia mais sobre F\u00e9rias ativas: Passeios pela Ecovia do Litoral\">Ler mais<\/a><\/p>\n","protected":false},"author":9,"featured_media":5262,"comment_status":"open","ping_status":"closed","sticky":false,"template":"","format":"standard","meta":{"_acf_changed":false,"footnotes":""},"categories":[13,124,14],"tags":[],"class_list":["post-5194","post","type-post","status-publish","format-standard","has-post-thumbnail","hentry","category-cabanas-de-tavira","category-cycling","category-ria-formosa"],"acf":[],"yoast_head":"<!-- This site is optimized with the Yoast SEO Premium plugin v25.9 (Yoast SEO v25.9) - https:\/\/yoast.com\/wordpress\/plugins\/seo\/ -->\n<title>Passeios pela Ecovia do Litoral - Golden Club Cabanas<\/title>\n<meta name=\"description\" content=\"Passeios pela Ecovia do Litoral em caminhadas ou cycling para umas f\u00e9rias ativas no Algarve em fam\u00edlia, a dois ou com amigos.\" \/>\n<meta name=\"robots\" content=\"index, follow, max-snippet:-1, max-image-preview:large, max-video-preview:-1\" \/>\n<link rel=\"canonical\" href=\"https:\/\/goldenclubcabanas.com\/pt-pt\/blog\/ferias-ativas-passeios-pela-ecovia-do-litoral\/\" \/>\n<meta property=\"og:locale\" content=\"pt_PT\" \/>\n<meta property=\"og:type\" content=\"article\" \/>\n<meta property=\"og:title\" content=\"F\u00e9rias ativas: Passeios pela Ecovia do Litoral\" \/>\n<meta property=\"og:description\" content=\"Passeios pela Ecovia do Litoral em caminhadas ou cycling para umas f\u00e9rias ativas no Algarve em fam\u00edlia, a dois ou com amigos.\" \/>\n<meta property=\"og:url\" content=\"https:\/\/goldenclubcabanas.com\/pt-pt\/blog\/ferias-ativas-passeios-pela-ecovia-do-litoral\/\" \/>\n<meta property=\"og:site_name\" content=\"Golden Club Cabanas Aparthotel Algarve, Portugal\" \/>\n<meta property=\"article:published_time\" content=\"2021-11-05T10:30:00+00:00\" \/>\n<meta property=\"article:modified_time\" content=\"2026-02-25T16:04:52+00:00\" \/>\n<meta property=\"og:image\" content=\"https:\/\/goldenclubcabanas.com\/wp-content\/uploads\/2025\/10\/ecovia-litoral.webp\" \/>\n\t<meta property=\"og:image:width\" content=\"1024\" \/>\n\t<meta property=\"og:image:height\" content=\"640\" \/>\n\t<meta property=\"og:image:type\" content=\"image\/webp\" \/>\n<meta name=\"author\" content=\"Pedro Godinho\" \/>\n<meta name=\"twitter:card\" content=\"summary_large_image\" \/>\n<meta name=\"twitter:label1\" content=\"Escrito por\" \/>\n\t<meta name=\"twitter:data1\" content=\"Pedro Godinho\" \/>\n\t<meta name=\"twitter:label2\" content=\"Tempo estimado de leitura\" \/>\n\t<meta name=\"twitter:data2\" content=\"3 minutos\" \/>\n<script type=\"application\/ld+json\" class=\"yoast-schema-graph\">{\"@context\":\"https:\/\/schema.org\",\"@graph\":[{\"@type\":\"WebPage\",\"@id\":\"https:\/\/goldenclubcabanas.com\/pt-pt\/blog\/ferias-ativas-passeios-pela-ecovia-do-litoral\/\",\"url\":\"https:\/\/goldenclubcabanas.com\/pt-pt\/blog\/ferias-ativas-passeios-pela-ecovia-do-litoral\/\",\"name\":\"Passeios pela Ecovia do Litoral - Golden Club Cabanas\",\"isPartOf\":{\"@id\":\"https:\/\/goldenclubcabanas.com\/en\/#website\"},\"primaryImageOfPage\":{\"@id\":\"https:\/\/goldenclubcabanas.com\/pt-pt\/blog\/ferias-ativas-passeios-pela-ecovia-do-litoral\/#primaryimage\"},\"image\":{\"@id\":\"https:\/\/goldenclubcabanas.com\/pt-pt\/blog\/ferias-ativas-passeios-pela-ecovia-do-litoral\/#primaryimage\"},\"thumbnailUrl\":\"https:\/\/goldenclubcabanas.com\/wp-content\/uploads\/2025\/10\/ecovia-litoral.webp\",\"datePublished\":\"2021-11-05T10:30:00+00:00\",\"dateModified\":\"2026-02-25T16:04:52+00:00\",\"author\":{\"@id\":\"https:\/\/goldenclubcabanas.com\/en\/#\/schema\/person\/cdfbd129538716347bfbd0000c130df6\"},\"description\":\"Passeios pela Ecovia do Litoral em caminhadas ou cycling para umas f\u00e9rias ativas no Algarve em fam\u00edlia, a dois ou com amigos.\",\"breadcrumb\":{\"@id\":\"https:\/\/goldenclubcabanas.com\/pt-pt\/blog\/ferias-ativas-passeios-pela-ecovia-do-litoral\/#breadcrumb\"},\"inLanguage\":\"pt-PT\",\"potentialAction\":[{\"@type\":\"ReadAction\",\"target\":[\"https:\/\/goldenclubcabanas.com\/pt-pt\/blog\/ferias-ativas-passeios-pela-ecovia-do-litoral\/\"]}]},{\"@type\":\"ImageObject\",\"inLanguage\":\"pt-PT\",\"@id\":\"https:\/\/goldenclubcabanas.com\/pt-pt\/blog\/ferias-ativas-passeios-pela-ecovia-do-litoral\/#primaryimage\",\"url\":\"https:\/\/goldenclubcabanas.com\/wp-content\/uploads\/2025\/10\/ecovia-litoral.webp\",\"contentUrl\":\"https:\/\/goldenclubcabanas.com\/wp-content\/uploads\/2025\/10\/ecovia-litoral.webp\",\"width\":1024,\"height\":640,\"caption\":\"Tro\u00e7o da Ecovia do Litoral\"},{\"@type\":\"BreadcrumbList\",\"@id\":\"https:\/\/goldenclubcabanas.com\/pt-pt\/blog\/ferias-ativas-passeios-pela-ecovia-do-litoral\/#breadcrumb\",\"itemListElement\":[{\"@type\":\"ListItem\",\"position\":1,\"name\":\"In\u00edcio\",\"item\":\"https:\/\/goldenclubcabanas.com\/pt-pt\/\"},{\"@type\":\"ListItem\",\"position\":2,\"name\":\"F\u00e9rias ativas: Passeios pela Ecovia do Litoral\"}]},{\"@type\":\"WebSite\",\"@id\":\"https:\/\/goldenclubcabanas.com\/en\/#website\",\"url\":\"https:\/\/goldenclubcabanas.com\/en\/\",\"name\":\"Golden Club Cabanas\",\"description\":\"\",\"potentialAction\":[{\"@type\":\"SearchAction\",\"target\":{\"@type\":\"EntryPoint\",\"urlTemplate\":\"https:\/\/goldenclubcabanas.com\/en\/?s={search_term_string}\"},\"query-input\":{\"@type\":\"PropertyValueSpecification\",\"valueRequired\":true,\"valueName\":\"search_term_string\"}}],\"inLanguage\":\"pt-PT\"},{\"@type\":\"Person\",\"@id\":\"https:\/\/goldenclubcabanas.com\/en\/#\/schema\/person\/cdfbd129538716347bfbd0000c130df6\",\"name\":\"Pedro Godinho\",\"image\":{\"@type\":\"ImageObject\",\"inLanguage\":\"pt-PT\",\"@id\":\"https:\/\/goldenclubcabanas.com\/en\/#\/schema\/person\/image\/\",\"url\":\"https:\/\/secure.gravatar.com\/avatar\/626512610e2ee9ab94da4773dd1f2985?s=96&d=mm&r=g\",\"contentUrl\":\"https:\/\/secure.gravatar.com\/avatar\/626512610e2ee9ab94da4773dd1f2985?s=96&d=mm&r=g\",\"caption\":\"Pedro Godinho\"},\"url\":\"https:\/\/goldenclubcabanas.com\/pt-pt\/blog\/author\/pedro-godinho\/\"}]}<\/script>\n<!-- \/ Yoast SEO Premium plugin. -->","yoast_head_json":{"title":"Passeios pela Ecovia do Litoral - Golden Club Cabanas","description":"Passeios pela Ecovia do Litoral em caminhadas ou cycling para umas f\u00e9rias ativas no Algarve em fam\u00edlia, a dois ou com amigos.","robots":{"index":"index","follow":"follow","max-snippet":"max-snippet:-1","max-image-preview":"max-image-preview:large","max-video-preview":"max-video-preview:-1"},"canonical":"https:\/\/goldenclubcabanas.com\/pt-pt\/blog\/ferias-ativas-passeios-pela-ecovia-do-litoral\/","og_locale":"pt_PT","og_type":"article","og_title":"F\u00e9rias ativas: Passeios pela Ecovia do Litoral","og_description":"Passeios pela Ecovia do Litoral em caminhadas ou cycling para umas f\u00e9rias ativas no Algarve em fam\u00edlia, a dois ou com amigos.","og_url":"https:\/\/goldenclubcabanas.com\/pt-pt\/blog\/ferias-ativas-passeios-pela-ecovia-do-litoral\/","og_site_name":"Golden Club Cabanas Aparthotel Algarve, Portugal","article_published_time":"2021-11-05T10:30:00+00:00","article_modified_time":"2026-02-25T16:04:52+00:00","og_image":[{"width":1024,"height":640,"url":"https:\/\/goldenclubcabanas.com\/wp-content\/uploads\/2025\/10\/ecovia-litoral.webp","type":"image\/webp"}],"author":"Pedro Godinho","twitter_card":"summary_large_image","twitter_misc":{"Escrito por":"Pedro Godinho","Tempo estimado de leitura":"3 minutos"},"schema":{"@context":"https:\/\/schema.org","@graph":[{"@type":"WebPage","@id":"https:\/\/goldenclubcabanas.com\/pt-pt\/blog\/ferias-ativas-passeios-pela-ecovia-do-litoral\/","url":"https:\/\/goldenclubcabanas.com\/pt-pt\/blog\/ferias-ativas-passeios-pela-ecovia-do-litoral\/","name":"Passeios pela Ecovia do Litoral - Golden Club Cabanas","isPartOf":{"@id":"https:\/\/goldenclubcabanas.com\/en\/#website"},"primaryImageOfPage":{"@id":"https:\/\/goldenclubcabanas.com\/pt-pt\/blog\/ferias-ativas-passeios-pela-ecovia-do-litoral\/#primaryimage"},"image":{"@id":"https:\/\/goldenclubcabanas.com\/pt-pt\/blog\/ferias-ativas-passeios-pela-ecovia-do-litoral\/#primaryimage"},"thumbnailUrl":"https:\/\/goldenclubcabanas.com\/wp-content\/uploads\/2025\/10\/ecovia-litoral.webp","datePublished":"2021-11-05T10:30:00+00:00","dateModified":"2026-02-25T16:04:52+00:00","author":{"@id":"https:\/\/goldenclubcabanas.com\/en\/#\/schema\/person\/cdfbd129538716347bfbd0000c130df6"},"description":"Passeios pela Ecovia do Litoral em caminhadas ou cycling para umas f\u00e9rias ativas no Algarve em fam\u00edlia, a dois ou com amigos.","breadcrumb":{"@id":"https:\/\/goldenclubcabanas.com\/pt-pt\/blog\/ferias-ativas-passeios-pela-ecovia-do-litoral\/#breadcrumb"},"inLanguage":"pt-PT","potentialAction":[{"@type":"ReadAction","target":["https:\/\/goldenclubcabanas.com\/pt-pt\/blog\/ferias-ativas-passeios-pela-ecovia-do-litoral\/"]}]},{"@type":"ImageObject","inLanguage":"pt-PT","@id":"https:\/\/goldenclubcabanas.com\/pt-pt\/blog\/ferias-ativas-passeios-pela-ecovia-do-litoral\/#primaryimage","url":"https:\/\/goldenclubcabanas.com\/wp-content\/uploads\/2025\/10\/ecovia-litoral.webp","contentUrl":"https:\/\/goldenclubcabanas.com\/wp-content\/uploads\/2025\/10\/ecovia-litoral.webp","width":1024,"height":640,"caption":"Tro\u00e7o da Ecovia do Litoral"},{"@type":"BreadcrumbList","@id":"https:\/\/goldenclubcabanas.com\/pt-pt\/blog\/ferias-ativas-passeios-pela-ecovia-do-litoral\/#breadcrumb","itemListElement":[{"@type":"ListItem","position":1,"name":"In\u00edcio","item":"https:\/\/goldenclubcabanas.com\/pt-pt\/"},{"@type":"ListItem","position":2,"name":"F\u00e9rias ativas: Passeios pela Ecovia do Litoral"}]},{"@type":"WebSite","@id":"https:\/\/goldenclubcabanas.com\/en\/#website","url":"https:\/\/goldenclubcabanas.com\/en\/","name":"Golden Club Cabanas","description":"","potentialAction":[{"@type":"SearchAction","target":{"@type":"EntryPoint","urlTemplate":"https:\/\/goldenclubcabanas.com\/en\/?s={search_term_string}"},"query-input":{"@type":"PropertyValueSpecification","valueRequired":true,"valueName":"search_term_string"}}],"inLanguage":"pt-PT"},{"@type":"Person","@id":"https:\/\/goldenclubcabanas.com\/en\/#\/schema\/person\/cdfbd129538716347bfbd0000c130df6","name":"Pedro Godinho","image":{"@type":"ImageObject","inLanguage":"pt-PT","@id":"https:\/\/goldenclubcabanas.com\/en\/#\/schema\/person\/image\/","url":"https:\/\/secure.gravatar.com\/avatar\/626512610e2ee9ab94da4773dd1f2985?s=96&d=mm&r=g","contentUrl":"https:\/\/secure.gravatar.com\/avatar\/626512610e2ee9ab94da4773dd1f2985?s=96&d=mm&r=g","caption":"Pedro Godinho"},"url":"https:\/\/goldenclubcabanas.com\/pt-pt\/blog\/author\/pedro-godinho\/"}]}},"_links":{"self":[{"href":"https:\/\/goldenclubcabanas.com\/pt-pt\/wp-json\/wp\/v2\/posts\/5194","targetHints":{"allow":["GET"]}}],"collection":[{"href":"https:\/\/goldenclubcabanas.com\/pt-pt\/wp-json\/wp\/v2\/posts"}],"about":[{"href":"https:\/\/goldenclubcabanas.com\/pt-pt\/wp-json\/wp\/v2\/types\/post"}],"author":[{"embeddable":true,"href":"https:\/\/goldenclubcabanas.com\/pt-pt\/wp-json\/wp\/v2\/users\/9"}],"replies":[{"embeddable":true,"href":"https:\/\/goldenclubcabanas.com\/pt-pt\/wp-json\/wp\/v2\/comments?post=5194"}],"version-history":[{"count":5,"href":"https:\/\/goldenclubcabanas.com\/pt-pt\/wp-json\/wp\/v2\/posts\/5194\/revisions"}],"predecessor-version":[{"id":7561,"href":"https:\/\/goldenclubcabanas.com\/pt-pt\/wp-json\/wp\/v2\/posts\/5194\/revisions\/7561"}],"wp:featuredmedia":[{"embeddable":true,"href":"https:\/\/goldenclubcabanas.com\/pt-pt\/wp-json\/wp\/v2\/media\/5262"}],"wp:attachment":[{"href":"https:\/\/goldenclubcabanas.com\/pt-pt\/wp-json\/wp\/v2\/media?parent=5194"}],"wp:term":[{"taxonomy":"category","embeddable":true,"href":"https:\/\/goldenclubcabanas.com\/pt-pt\/wp-json\/wp\/v2\/categories?post=5194"},{"taxonomy":"post_tag","embeddable":true,"href":"https:\/\/goldenclubcabanas.com\/pt-pt\/wp-json\/wp\/v2\/tags?post=5194"}],"curies":[{"name":"wp","href":"https:\/\/api.w.org\/{rel}","templated":true}]}}